{"id":238,"date":"2023-01-20T11:49:51","date_gmt":"2023-01-20T10:49:51","guid":{"rendered":"https:\/\/coffre.myds.me\/wordpress\/?p=238"},"modified":"2023-03-04T21:21:10","modified_gmt":"2023-03-04T20:21:10","slug":"chai-de-poulhors","status":"publish","type":"post","link":"https:\/\/coffre.myds.me\/wordpress\/index.php\/2023\/01\/20\/chai-de-poulhors\/","title":{"rendered":"Chai de Poulhors"},"content":{"rendered":"\n<p>Bient\u00f4t du vin \u00e0 Sarzeau, au <a rel=\"noreferrer noopener\" href=\"https:\/\/www.sarzeau.fr\/reimplantation-de-la-vigne\/\" data-type=\"URL\" data-id=\"https:\/\/www.sarzeau.fr\/reimplantation-de-la-vigne\/\" target=\"_blank\">Chai de Poulhors<\/a>, patience se sera <a rel=\"noreferrer noopener\" href=\"https:\/\/w3w.co\/d\u00e9tour.secourable.pulsion\" data-type=\"URL\" data-id=\"https:\/\/w3w.co\/d\u00e9tour.secourable.pulsion\" target=\"_blank\">l\u00e0<\/a>. <\/p>\n\n\n\n<p><a href=\"https:\/\/carmen-m.fr\/chai-de-poulhors\/\" data-type=\"URL\" data-id=\"https:\/\/carmen-m.fr\/chai-de-poulhors\/\" target=\"_blank\" rel=\"noreferrer noopener\">CHAI VITICOLE A SARZEAU<\/a><\/p>\n\n\n\n<p><\/p>\n\n\n\n<p class=\"has-medium-font-size\"><strong>Y aura m\u00eame des bulles.<\/strong><\/p>\n\n\n\n<p>Le vin commercialis\u00e9 aura le label \u00ab agriculture biologique \u00bb. Les 6 ha (27\u00a0500 pieds) vont accueillir 3 c\u00e9pages diff\u00e9rents choisis en fonction de la nature du sol, du climat et de la M\u00e9ridienne\u00a0: Chardonnay, Chenin, Cabernet franc.<\/p>\n\n\n\n<p>Au total, 35&nbsp;000 bouteilles seront produites et vendues en circuit court avec un 2\/3 de vins blancs (tranquille et m\u00e9thode champenoise) et 1\/3 de vin ros\u00e9 et rouge.<\/p>\n\n\n\n<ul><li>Plantation\u00a0: printemps 2020<\/li><li>Construction du hangar agricole\u00a0: 2021<\/li><li>Construction du chai\u00a0: 2023<\/li><li>1\u00e8re vendange\u00a0: septembre 2023<\/li><li>Mise en bouteilles\u00a0: 2024<\/li><\/ul>\n\n\n\n<p><\/p>\n","protected":false},"excerpt":{"rendered":"<p>Bient\u00f4t du vin \u00e0 Sarzeau, au Chai de Poulhors, patience se sera l\u00e0. CHAI VITICOLE A SARZEAU Y aura m\u00eame des bulles. Le vin commercialis\u00e9 aura le label \u00ab agriculture biologique \u00bb. Les 6 ha (27\u00a0500 pieds) vont accueillir 3 c\u00e9pages diff\u00e9rents choisis en fonction de la nature du sol, du climat et de la [&hellip;]<\/p>\n","protected":false},"author":2,"featured_media":237,"comment_status":"open","ping_status":"open","sticky":false,"template":"","format":"standard","meta":[],"categories":[17,11],"tags":[29,28],"_links":{"self":[{"href":"https:\/\/coffre.myds.me\/wordpress\/index.php\/wp-json\/wp\/v2\/posts\/238"}],"collection":[{"href":"https:\/\/coffre.myds.me\/wordpress\/index.php\/wp-json\/wp\/v2\/posts"}],"about":[{"href":"https:\/\/coffre.myds.me\/wordpress\/index.php\/wp-json\/wp\/v2\/types\/post"}],"author":[{"embeddable":true,"href":"https:\/\/coffre.myds.me\/wordpress\/index.php\/wp-json\/wp\/v2\/users\/2"}],"replies":[{"embeddable":true,"href":"https:\/\/coffre.myds.me\/wordpress\/index.php\/wp-json\/wp\/v2\/comments?post=238"}],"version-history":[{"count":3,"href":"https:\/\/coffre.myds.me\/wordpress\/index.php\/wp-json\/wp\/v2\/posts\/238\/revisions"}],"predecessor-version":[{"id":243,"href":"https:\/\/coffre.myds.me\/wordpress\/index.php\/wp-json\/wp\/v2\/posts\/238\/revisions\/243"}],"wp:featuredmedia":[{"embeddable":true,"href":"https:\/\/coffre.myds.me\/wordpress\/index.php\/wp-json\/wp\/v2\/media\/237"}],"wp:attachment":[{"href":"https:\/\/coffre.myds.me\/wordpress\/index.php\/wp-json\/wp\/v2\/media?parent=238"}],"wp:term":[{"taxonomy":"category","embeddable":true,"href":"https:\/\/coffre.myds.me\/wordpress\/index.php\/wp-json\/wp\/v2\/categories?post=238"},{"taxonomy":"post_tag","embeddable":true,"href":"https:\/\/coffre.myds.me\/wordpress\/index.php\/wp-json\/wp\/v2\/tags?post=238"}],"curies":[{"name":"wp","href":"https:\/\/api.w.org\/{rel}","templated":true}]}}