{"id":253,"date":"2023-03-02T18:07:19","date_gmt":"2023-03-02T17:07:19","guid":{"rendered":"https:\/\/coffre.myds.me\/wordpress\/?p=253"},"modified":"2023-03-02T18:54:39","modified_gmt":"2023-03-02T17:54:39","slug":"explorer-une-ile-a-maree-basse-dans-le-golfe-du-morbihan","status":"publish","type":"post","link":"https:\/\/coffre.myds.me\/wordpress\/index.php\/2023\/03\/02\/explorer-une-ile-a-maree-basse-dans-le-golfe-du-morbihan\/","title":{"rendered":"Explorer une \u00eele \u00e0 mar\u00e9e basse dans le Golfe du Morbihan"},"content":{"rendered":"\n<p>Le golfe du Morbihan abrite de nombreuses \u00eeles g\u00e9n\u00e9ralement accessibles en bateau comme l\u2019\u00eele d\u2019Arz ou l\u2019\u00eele aux Moines. Mais savez-vous que certaines d\u2019entre elles, plus petites et plus secr\u00e8tes peuvent se rejoindre \u00e0 pied \u00e0 l\u2019heure de basse mer&nbsp;? D\u00e9couvrez trois jolies \u00eeles pleines de charme, accessibles toute l\u2019ann\u00e9e aux pi\u00e9tons lorsque la mar\u00e9e le permet.<\/p>\n\n\n\n<ul><li>Les Sept-\u00celes \u00e0 Baden par le <a rel=\"noreferrer noopener\" href=\"https:\/\/w3w.co\/baril.noyau.acte\" target=\"_blank\">tombolo<\/a><\/li><li>L\u2019\u00eele Berder par la<a rel=\"noreferrer noopener\" href=\"https:\/\/w3w.co\/palpant.\u00e9changeur.grincer\" target=\"_blank\"> chauss\u00e9e submersible<\/a> \u00e0 Lamor-Baden<\/li><li>L\u2019\u00eele Tascon par le <a rel=\"noreferrer noopener\" href=\"https:\/\/w3w.co\/gibier.patience.isolons\" target=\"_blank\">passage <\/a>\u00e0 Saint-Armel<\/li><\/ul>\n\n\n\n<p><a rel=\"noreferrer noopener\" href=\"https:\/\/www.golfedumorbihan.bzh\/mer\/explorer-une-ile-a-maree-basse-dans-le-golfe-du-morbihan\/?utm_campaign=Fond%20%C3%A9crans%20-%20Mars%202023&amp;utm_medium=email&amp;utm_source=Mailjet\" data-type=\"URL\" data-id=\"https:\/\/www.golfedumorbihan.bzh\/mer\/explorer-une-ile-a-maree-basse-dans-le-golfe-du-morbihan\/?utm_campaign=Fond%20%C3%A9crans%20-%20Mars%202023&amp;utm_medium=email&amp;utm_source=Mailjet\" target=\"_blank\"><strong>Explorer une \u00eele \u00e0 mar\u00e9e basse dans le Golfe du Morbih<\/strong>an<\/a><\/p>\n","protected":false},"excerpt":{"rendered":"<p>Le golfe du Morbihan abrite de nombreuses \u00eeles g\u00e9n\u00e9ralement accessibles en bateau comme l\u2019\u00eele d\u2019Arz ou l\u2019\u00eele aux Moines. Mais savez-vous que certaines d\u2019entre elles, plus petites et plus secr\u00e8tes peuvent se rejoindre \u00e0 pied \u00e0 l\u2019heure de basse mer&nbsp;? D\u00e9couvrez trois jolies \u00eeles pleines de charme, accessibles toute l\u2019ann\u00e9e aux pi\u00e9tons lorsque la mar\u00e9e [&hellip;]<\/p>\n","protected":false},"author":2,"featured_media":254,"comment_status":"open","ping_status":"open","sticky":false,"template":"","format":"standard","meta":[],"categories":[11],"tags":[33,10],"_links":{"self":[{"href":"https:\/\/coffre.myds.me\/wordpress\/index.php\/wp-json\/wp\/v2\/posts\/253"}],"collection":[{"href":"https:\/\/coffre.myds.me\/wordpress\/index.php\/wp-json\/wp\/v2\/posts"}],"about":[{"href":"https:\/\/coffre.myds.me\/wordpress\/index.php\/wp-json\/wp\/v2\/types\/post"}],"author":[{"embeddable":true,"href":"https:\/\/coffre.myds.me\/wordpress\/index.php\/wp-json\/wp\/v2\/users\/2"}],"replies":[{"embeddable":true,"href":"https:\/\/coffre.myds.me\/wordpress\/index.php\/wp-json\/wp\/v2\/comments?post=253"}],"version-history":[{"count":5,"href":"https:\/\/coffre.myds.me\/wordpress\/index.php\/wp-json\/wp\/v2\/posts\/253\/revisions"}],"predecessor-version":[{"id":265,"href":"https:\/\/coffre.myds.me\/wordpress\/index.php\/wp-json\/wp\/v2\/posts\/253\/revisions\/265"}],"wp:featuredmedia":[{"embeddable":true,"href":"https:\/\/coffre.myds.me\/wordpress\/index.php\/wp-json\/wp\/v2\/media\/254"}],"wp:attachment":[{"href":"https:\/\/coffre.myds.me\/wordpress\/index.php\/wp-json\/wp\/v2\/media?parent=253"}],"wp:term":[{"taxonomy":"category","embeddable":true,"href":"https:\/\/coffre.myds.me\/wordpress\/index.php\/wp-json\/wp\/v2\/categories?post=253"},{"taxonomy":"post_tag","embeddable":true,"href":"https:\/\/coffre.myds.me\/wordpress\/index.php\/wp-json\/wp\/v2\/tags?post=253"}],"curies":[{"name":"wp","href":"https:\/\/api.w.org\/{rel}","templated":true}]}}